{"id":3580,"date":"2024-08-01T09:18:04","date_gmt":"2024-08-01T07:18:04","guid":{"rendered":"https:\/\/www.um.sav.sk\/en\/?p=3580"},"modified":"2025-03-01T09:44:50","modified_gmt":"2025-03-01T08:44:50","slug":"revealing-the-causes-of-extreme-events-not-only-in-weather-using-renyi-entropy","status":"publish","type":"post","link":"https:\/\/www.um.sav.sk\/en\/news\/revealing-the-causes-of-extreme-events-not-only-in-weather-using-renyi-entropy\/","title":{"rendered":"Revealing the causes of extreme events (not only in weather) using R\u00e9nyi entropy"},"content":{"rendered":"<p>The results of the joint research of the Institute of Informatics of the Czech Academy of Sciences and the Institute of Measurement Science of the Slovak Academy of Sciences were published in the top scientific journal <strong>Science Advances<\/strong>. The journal belongs to the <strong>Science<\/strong> family of journals and supports the mission of the American Association for the Advancement of Science (AAAS) to identify and promote significant advances in science and technology across a wide range of areas.<\/p>\n<p>Unusual weather fluctuations, financial market crashes, epileptic seizures, and other extreme events intrigue scientists around the world. The mechanisms behind these events and methods for early warning are subjects of intense research.<\/p>\n<p>In a recent study, a scientific team from the Institute of Computer Science of the Czech Academy of Sciences (Milan Palu\u0161, Pouya Manshour) and the Institute of Measurement Science of the Slovak Academy of Sciences (Martina Chvostekov\u00e1), led by Milan Palu\u0161, offers an answer to a fundamental question:<\/p>\n<p>Which of two or more potential driving variables causes extremes in the affected variable?<\/p>\n<p>The answer is provided by a newly designed method that utilizes R\u00e9nyi entropy, a generalization of the Shannon information concept. The algorithms were tested on numerical simulations and climate data, analyzing the causes of cold extremes in Europe, such as dangerous frosts at the beginning of the growing season. The results show that, the increased probability of cold extremes in winter and spring air temperature in Europe, is caused by the Siberian High.<\/p>\n<p>The results of this research were published in the prestigious scientific journal <strong>Science Advances<\/strong>:<\/p>\n<p>&nbsp;<\/p>\n<p><strong> Palu\u0161, M. Chvostekov\u00e1, P. Manshour: Causes of extreme events revealed by R\u00e9nyi information transfer. Science Advances 10, eadn1721 (2024). DOI:10.1126\/sciadv.adn1721<\/strong><\/p>\n<p><a href=\"https:\/\/www.science.org\/doi\/full\/10.1126\/sciadv.adn1721\">https:\/\/www.science.org\/doi\/full\/10.1126\/sciadv.adn1721<\/a><\/p>\n<p>&nbsp;<\/p>\n<p>This research was supported by the prestigious Academic Premium (Praemium Academiae), of the Czech Academy of Sciences, awarded to RNDr. Milan Palu\u0161, DrSc., in 2019.<\/p>\n<p><img loading=\"lazy\" decoding=\"async\" class=\"aligncenter wp-image-3582\" src=\"https:\/\/www.um.sav.sk\/en\/wp-content\/uploads\/sites\/2\/Palus2024-1.jpg\" alt=\"\" width=\"750\" height=\"525\" srcset=\"https:\/\/www.um.sav.sk\/en\/wp-content\/uploads\/sites\/2\/Palus2024-1.jpg 1872w, https:\/\/www.um.sav.sk\/en\/wp-content\/uploads\/sites\/2\/Palus2024-1-600x420.jpg 600w, https:\/\/www.um.sav.sk\/en\/wp-content\/uploads\/sites\/2\/Palus2024-1-1024x717.jpg 1024w, https:\/\/www.um.sav.sk\/en\/wp-content\/uploads\/sites\/2\/Palus2024-1-150x105.jpg 150w, https:\/\/www.um.sav.sk\/en\/wp-content\/uploads\/sites\/2\/Palus2024-1-768x538.jpg 768w, https:\/\/www.um.sav.sk\/en\/wp-content\/uploads\/sites\/2\/Palus2024-1-1536x1076.jpg 1536w, https:\/\/www.um.sav.sk\/en\/wp-content\/uploads\/sites\/2\/Palus2024-1-100x70.jpg 100w\" sizes=\"auto, (max-width: 750px) 100vw, 750px\" \/><\/p>\n<p><strong>Figure<\/strong>. <em>Illustration of the coincidence analysis for the cold extremes in the spring air temperature in Europe. The portions of cold extremes coinciding with SH condition (SH &#8211; the Siberian High is a dominant circulation system over the Eurasian continent created by a massive collection of cold dry air that accumulates in the northeastern part of Eurasia from September until April). Only the statistically significant (z-score &gt; 2) coincidence values are colored.<\/em><\/p>\n","protected":false},"excerpt":{"rendered":"<p>The results of the joint research of the Institute of Informatics of the Czech Academy of Sciences and the Institute of Measurement Science of the&#8230;<\/p>\n","protected":false},"author":4,"featured_media":3588,"comment_status":"closed","ping_status":"closed","sticky":false,"template":"","format":"standard","meta":{"footnotes":"","_links_to":"","_links_to_target":""},"categories":[1],"tags":[],"class_list":["post-3580","post","type-post","status-publish","format-standard","has-post-thumbnail","hentry","category-news"],"publishpress_future_action":{"enabled":false,"date":"2026-05-07 15:58:20","action":"change-status","newStatus":"draft","terms":[],"taxonomy":"category","extraData":[]},"publishpress_future_workflow_manual_trigger":{"enabledWorkflows":[]},"_links":{"self":[{"href":"https:\/\/www.um.sav.sk\/en\/wp-json\/wp\/v2\/posts\/3580","targetHints":{"allow":["GET"]}}],"collection":[{"href":"https:\/\/www.um.sav.sk\/en\/wp-json\/wp\/v2\/posts"}],"about":[{"href":"https:\/\/www.um.sav.sk\/en\/wp-json\/wp\/v2\/types\/post"}],"author":[{"embeddable":true,"href":"https:\/\/www.um.sav.sk\/en\/wp-json\/wp\/v2\/users\/4"}],"replies":[{"embeddable":true,"href":"https:\/\/www.um.sav.sk\/en\/wp-json\/wp\/v2\/comments?post=3580"}],"version-history":[{"count":4,"href":"https:\/\/www.um.sav.sk\/en\/wp-json\/wp\/v2\/posts\/3580\/revisions"}],"predecessor-version":[{"id":3589,"href":"https:\/\/www.um.sav.sk\/en\/wp-json\/wp\/v2\/posts\/3580\/revisions\/3589"}],"wp:featuredmedia":[{"embeddable":true,"href":"https:\/\/www.um.sav.sk\/en\/wp-json\/wp\/v2\/media\/3588"}],"wp:attachment":[{"href":"https:\/\/www.um.sav.sk\/en\/wp-json\/wp\/v2\/media?parent=3580"}],"wp:term":[{"taxonomy":"category","embeddable":true,"href":"https:\/\/www.um.sav.sk\/en\/wp-json\/wp\/v2\/categories?post=3580"},{"taxonomy":"post_tag","embeddable":true,"href":"https:\/\/www.um.sav.sk\/en\/wp-json\/wp\/v2\/tags?post=3580"}],"curies":[{"name":"wp","href":"https:\/\/api.w.org\/{rel}","templated":true}]}}